{"id":17443,"date":"2023-07-16T16:13:52","date_gmt":"2023-07-16T14:13:52","guid":{"rendered":"https:\/\/www.zanasigroup.com\/?p=17443"},"modified":"2024-10-31T11:30:31","modified_gmt":"2024-10-31T10:30:31","slug":"marco-zanasi-ferrari-challenge-2023","status":"publish","type":"post","link":"https:\/\/www.zanasigroup.com\/it\/notizie\/marco-zanasi-ferrari-challenge-2023\/","title":{"rendered":"Marco Zanasi sulla pista di Ferrari Challenge 2023"},"content":{"rendered":"<p><b>Il 16 luglio, Marco Zanasi, \u00e8 tornato in pista all\u2019Estoril, la sua seconda partecipazione al Ferrari Challenge 2023 dopo il debutto di Masino. Scopriamo insieme una breve anticipazione dell\u2019intervista rilasciata al team di Ferrari.\u00a0<\/b><\/p>\n<h2><b>Marco Zanasi in gara per Ferrari\u00a0<\/b><\/h2>\n<p><b>Marco Zanasi<\/b><span style=\"font-weight: 400;\"> torna all\u2019<\/span><b>Estoril<\/b><span style=\"font-weight: 400;\"> per partecipare per la seconda volta alla prestigiosa competizione automobilistica del <\/span><b>Ferrari Challenge 2023<\/b><span style=\"font-weight: 400;\">. Come viene riportato nell\u2019<\/span><a href=\"https:\/\/www.ferrari.com\/it-IT\/corse-clienti\/articles\/a-tu-per-tu-con-marco-zanasi?_its=JTdCJTIydmlkJTIyJTNBJTIyMmFlNDY3YzAtODIzMC00YTNhLWExZjItZmY1MWE1MWQ2ZGM2JTIyJTJDJTIyc3RhdGUlMjIlM0ElMjJybHR%2BMTY5NDc4NzIwOX5sYW5kfjJfNjgwNjNfZGlyZWN0XzJlMzY4YzY4YTFlZDljYTlhMGI2NDRhMzA3ZjA2NTIwJTIyJTJDJTIyc2l0ZUlkJTIyJTNBNzY2NyU3RA%3D%3D\"><b>intervista rilasciata al team del Cavallino Rampante<\/b><\/a><span style=\"font-weight: 400;\">, per il pilota Ferrari \u00e8 casa:\u00a0<\/span><\/p>\n<p><i><span style=\"font-weight: 400;\">\u201cConosco l\u2019ambiente Ferrari da sempre, i miei ricordi risalgono a 35 anni fa quando accompagnavo mio padre nella sede\u201d<\/span><\/i><span style=\"font-weight: 400;\">.\u00a0<\/span><\/p>\n<p><span style=\"font-weight: 400;\">Durante la sua prima giornata di Estoril Marco Zanasi ha dimostrato di avere un ottimo feeling con la vettura. Guidare la <\/span><b>Ferrari 488 Challenge Evo<\/b><span style=\"font-weight: 400;\"> \u00e8 stata un\u2019esperienza straordinaria. Le sue ultime prestazioni sul circuito lo confermano:<\/span><\/p>\n<p><i><span style=\"font-weight: 400;\">\u201cFinch\u00e8 non la guidi non te ne rendi pienamente conto. \u00c8 impressionante a livello di frenata e trazione. \u00c8 potente e molto performante\u201d.<\/span><\/i><\/p>\n<p><span style=\"font-weight: 400;\">L\u2019ambiente del Ferrari Challenge, poi, \u00e8 un mix di passione, adrenalina da pista, un\u2019atmosfera di alta competizione e la straordinaria emozione di vedere le leggendarie Ferrari in azione su alcune delle piste pi\u00f9 iconiche al mondo. Come racconta Marco Zanasi vivere l\u2019ambiente del Ferrari Challenge rappresenta\u00a0<\/span><\/p>\n<p><i><span style=\"font-weight: 400;\">\u201cUna bellissima esperienza, un\u2019organizzazione incredibile: l\u2019hospitality \u00e8 meravigliosa e l\u2019esposizione di tutti i modelli Ferrari sicuramente impressiona\u201d.<\/span><\/i><\/p>\n<p><span style=\"font-weight: 400;\">Un\u2019atmosfera, dunque, elettrizzante, carica di emozioni, pronta a stregare migliaia e migliaia di fan e appassionati provenienti da ogni angolo del mondo. Il livello di competizione \u00e8 molto alto qui. Marco Zanasi \u00e8 sicuramente pronto per la sfida.<\/span><\/p>\n","protected":false},"excerpt":{"rendered":"<p>Il 16 luglio, Marco Zanasi, \u00e8 tornato in pista all\u2019Estoril, la sua seconda partecipazione al Ferrari Challenge 2023 dopo il debutto di Masino. Scopriamo insieme una breve anticipazione dell\u2019intervista rilasciata al team di Ferrari.\u00a0 Marco Zanasi in gara per Ferrari\u00a0 Marco Zanasi torna all\u2019Estoril per partecipare per la seconda volta alla prestigiosa competizione automobilistica del [&hellip;]<\/p>\n","protected":false},"author":6,"featured_media":17444,"comment_status":"closed","ping_status":"closed","sticky":false,"template":"","format":"standard","meta":{"_acf_changed":false,"footnotes":""},"categories":[10],"tags":[],"class_list":["post-17443","post","type-post","status-publish","format-standard","has-post-thumbnail","hentry","category-notizie"],"acf":[],"yoast_head":"<!-- This site is optimized with the Yoast SEO plugin v27.5 - https:\/\/yoast.com\/product\/yoast-seo-wordpress\/ -->\n<title>Marco Zanasi sulla pista di Ferrari Challenge 2023<\/title>\n<meta name=\"description\" content=\"Il 16 luglio, Marco Zanasi, \u00e8 tornato in pista all\u2019Estoril, la sua seconda partecipazione al Ferrari Challenge 2023.\" \/>\n<meta name=\"robots\" content=\"index, follow, max-snippet:-1, max-image-preview:large, max-video-preview:-1\" \/>\n<link rel=\"canonical\" href=\"https:\/\/www.zanasigroup.com\/it\/notizie\/marco-zanasi-ferrari-challenge-2023\/\" \/>\n<meta property=\"og:locale\" content=\"it_IT\" \/>\n<meta property=\"og:type\" content=\"article\" \/>\n<meta property=\"og:title\" content=\"Marco Zanasi sulla pista di Ferrari Challenge 2023\" \/>\n<meta property=\"og:description\" content=\"Il 16 luglio, Marco Zanasi, \u00e8 tornato in pista all\u2019Estoril, la sua seconda partecipazione al Ferrari Challenge 2023.\" \/>\n<meta property=\"og:url\" content=\"https:\/\/www.zanasigroup.com\/it\/notizie\/marco-zanasi-ferrari-challenge-2023\/\" \/>\n<meta property=\"og:site_name\" content=\"Zanasi Group\" \/>\n<meta property=\"article:published_time\" content=\"2023-07-16T14:13:52+00:00\" \/>\n<meta property=\"article:modified_time\" content=\"2024-10-31T10:30:31+00:00\" \/>\n<meta property=\"og:image\" content=\"https:\/\/www.zanasigroup.com\/wp-content\/uploads\/2023\/10\/Snapinsta.app_360424165_3503406466562496_8178011738249021937_n_1080-1.jpg\" \/>\n\t<meta property=\"og:image:width\" content=\"684\" \/>\n\t<meta property=\"og:image:height\" content=\"458\" \/>\n\t<meta property=\"og:image:type\" content=\"image\/jpeg\" \/>\n<meta name=\"author\" content=\"Marilena Viceconti\" \/>\n<meta name=\"twitter:card\" content=\"summary_large_image\" \/>\n<meta name=\"twitter:label1\" content=\"Scritto da\" \/>\n\t<meta name=\"twitter:data1\" content=\"Marilena Viceconti\" \/>\n\t<meta name=\"twitter:label2\" content=\"Tempo di lettura stimato\" \/>\n\t<meta name=\"twitter:data2\" content=\"2 minuti\" \/>\n<script type=\"application\/ld+json\" class=\"yoast-schema-graph\">{\"@context\":\"https:\\\/\\\/schema.org\",\"@graph\":[{\"@type\":\"Article\",\"@id\":\"https:\\\/\\\/www.zanasigroup.com\\\/it\\\/notizie\\\/marco-zanasi-ferrari-challenge-2023\\\/#article\",\"isPartOf\":{\"@id\":\"https:\\\/\\\/www.zanasigroup.com\\\/it\\\/notizie\\\/marco-zanasi-ferrari-challenge-2023\\\/\"},\"author\":{\"name\":\"Marilena Viceconti\",\"@id\":\"https:\\\/\\\/www.zanasigroup.com\\\/it\\\/#\\\/schema\\\/person\\\/7319c31c2ffbf3d625769fc4876aeb48\"},\"headline\":\"Marco Zanasi sulla pista di Ferrari Challenge 2023\",\"datePublished\":\"2023-07-16T14:13:52+00:00\",\"dateModified\":\"2024-10-31T10:30:31+00:00\",\"mainEntityOfPage\":{\"@id\":\"https:\\\/\\\/www.zanasigroup.com\\\/it\\\/notizie\\\/marco-zanasi-ferrari-challenge-2023\\\/\"},\"wordCount\":260,\"image\":{\"@id\":\"https:\\\/\\\/www.zanasigroup.com\\\/it\\\/notizie\\\/marco-zanasi-ferrari-challenge-2023\\\/#primaryimage\"},\"thumbnailUrl\":\"https:\\\/\\\/www.zanasigroup.com\\\/wp-content\\\/uploads\\\/2023\\\/10\\\/Snapinsta.app_360424165_3503406466562496_8178011738249021937_n_1080-1.jpg\",\"articleSection\":[\"Notizie\"],\"inLanguage\":\"it-IT\"},{\"@type\":\"WebPage\",\"@id\":\"https:\\\/\\\/www.zanasigroup.com\\\/it\\\/notizie\\\/marco-zanasi-ferrari-challenge-2023\\\/\",\"url\":\"https:\\\/\\\/www.zanasigroup.com\\\/it\\\/notizie\\\/marco-zanasi-ferrari-challenge-2023\\\/\",\"name\":\"Marco Zanasi sulla pista di Ferrari Challenge 2023\",\"isPartOf\":{\"@id\":\"https:\\\/\\\/www.zanasigroup.com\\\/it\\\/#website\"},\"primaryImageOfPage\":{\"@id\":\"https:\\\/\\\/www.zanasigroup.com\\\/it\\\/notizie\\\/marco-zanasi-ferrari-challenge-2023\\\/#primaryimage\"},\"image\":{\"@id\":\"https:\\\/\\\/www.zanasigroup.com\\\/it\\\/notizie\\\/marco-zanasi-ferrari-challenge-2023\\\/#primaryimage\"},\"thumbnailUrl\":\"https:\\\/\\\/www.zanasigroup.com\\\/wp-content\\\/uploads\\\/2023\\\/10\\\/Snapinsta.app_360424165_3503406466562496_8178011738249021937_n_1080-1.jpg\",\"datePublished\":\"2023-07-16T14:13:52+00:00\",\"dateModified\":\"2024-10-31T10:30:31+00:00\",\"author\":{\"@id\":\"https:\\\/\\\/www.zanasigroup.com\\\/it\\\/#\\\/schema\\\/person\\\/7319c31c2ffbf3d625769fc4876aeb48\"},\"description\":\"Il 16 luglio, Marco Zanasi, \u00e8 tornato in pista all\u2019Estoril, la sua seconda partecipazione al Ferrari Challenge 2023.\",\"breadcrumb\":{\"@id\":\"https:\\\/\\\/www.zanasigroup.com\\\/it\\\/notizie\\\/marco-zanasi-ferrari-challenge-2023\\\/#breadcrumb\"},\"inLanguage\":\"it-IT\",\"potentialAction\":[{\"@type\":\"ReadAction\",\"target\":[\"https:\\\/\\\/www.zanasigroup.com\\\/it\\\/notizie\\\/marco-zanasi-ferrari-challenge-2023\\\/\"]}]},{\"@type\":\"ImageObject\",\"inLanguage\":\"it-IT\",\"@id\":\"https:\\\/\\\/www.zanasigroup.com\\\/it\\\/notizie\\\/marco-zanasi-ferrari-challenge-2023\\\/#primaryimage\",\"url\":\"https:\\\/\\\/www.zanasigroup.com\\\/wp-content\\\/uploads\\\/2023\\\/10\\\/Snapinsta.app_360424165_3503406466562496_8178011738249021937_n_1080-1.jpg\",\"contentUrl\":\"https:\\\/\\\/www.zanasigroup.com\\\/wp-content\\\/uploads\\\/2023\\\/10\\\/Snapinsta.app_360424165_3503406466562496_8178011738249021937_n_1080-1.jpg\",\"width\":684,\"height\":458,\"caption\":\"Marco Zanasi Ferrari Challenge 2023\"},{\"@type\":\"BreadcrumbList\",\"@id\":\"https:\\\/\\\/www.zanasigroup.com\\\/it\\\/notizie\\\/marco-zanasi-ferrari-challenge-2023\\\/#breadcrumb\",\"itemListElement\":[{\"@type\":\"ListItem\",\"position\":1,\"name\":\"Home\",\"item\":\"https:\\\/\\\/www.zanasigroup.com\\\/it\\\/\"},{\"@type\":\"ListItem\",\"position\":2,\"name\":\"Marco Zanasi sulla pista di Ferrari Challenge 2023\"}]},{\"@type\":\"WebSite\",\"@id\":\"https:\\\/\\\/www.zanasigroup.com\\\/it\\\/#website\",\"url\":\"https:\\\/\\\/www.zanasigroup.com\\\/it\\\/\",\"name\":\"Zanasi Group\",\"description\":\"The real Ferrari repair specialist - Body repair - Custom painting - Top quality standards\",\"potentialAction\":[{\"@type\":\"SearchAction\",\"target\":{\"@type\":\"EntryPoint\",\"urlTemplate\":\"https:\\\/\\\/www.zanasigroup.com\\\/it\\\/?s={search_term_string}\"},\"query-input\":{\"@type\":\"PropertyValueSpecification\",\"valueRequired\":true,\"valueName\":\"search_term_string\"}}],\"inLanguage\":\"it-IT\"},{\"@type\":\"Person\",\"@id\":\"https:\\\/\\\/www.zanasigroup.com\\\/it\\\/#\\\/schema\\\/person\\\/7319c31c2ffbf3d625769fc4876aeb48\",\"name\":\"Marilena Viceconti\",\"url\":\"https:\\\/\\\/www.zanasigroup.com\\\/it\\\/author\\\/marilena-vicecontisynesthesia-it\\\/\"}]}<\/script>\n<!-- \/ Yoast SEO plugin. -->","yoast_head_json":{"title":"Marco Zanasi sulla pista di Ferrari Challenge 2023","description":"Il 16 luglio, Marco Zanasi, \u00e8 tornato in pista all\u2019Estoril, la sua seconda partecipazione al Ferrari Challenge 2023.","robots":{"index":"index","follow":"follow","max-snippet":"max-snippet:-1","max-image-preview":"max-image-preview:large","max-video-preview":"max-video-preview:-1"},"canonical":"https:\/\/www.zanasigroup.com\/it\/notizie\/marco-zanasi-ferrari-challenge-2023\/","og_locale":"it_IT","og_type":"article","og_title":"Marco Zanasi sulla pista di Ferrari Challenge 2023","og_description":"Il 16 luglio, Marco Zanasi, \u00e8 tornato in pista all\u2019Estoril, la sua seconda partecipazione al Ferrari Challenge 2023.","og_url":"https:\/\/www.zanasigroup.com\/it\/notizie\/marco-zanasi-ferrari-challenge-2023\/","og_site_name":"Zanasi Group","article_published_time":"2023-07-16T14:13:52+00:00","article_modified_time":"2024-10-31T10:30:31+00:00","og_image":[{"width":684,"height":458,"url":"https:\/\/www.zanasigroup.com\/wp-content\/uploads\/2023\/10\/Snapinsta.app_360424165_3503406466562496_8178011738249021937_n_1080-1.jpg","type":"image\/jpeg"}],"author":"Marilena Viceconti","twitter_card":"summary_large_image","twitter_misc":{"Scritto da":"Marilena Viceconti","Tempo di lettura stimato":"2 minuti"},"schema":{"@context":"https:\/\/schema.org","@graph":[{"@type":"Article","@id":"https:\/\/www.zanasigroup.com\/it\/notizie\/marco-zanasi-ferrari-challenge-2023\/#article","isPartOf":{"@id":"https:\/\/www.zanasigroup.com\/it\/notizie\/marco-zanasi-ferrari-challenge-2023\/"},"author":{"name":"Marilena Viceconti","@id":"https:\/\/www.zanasigroup.com\/it\/#\/schema\/person\/7319c31c2ffbf3d625769fc4876aeb48"},"headline":"Marco Zanasi sulla pista di Ferrari Challenge 2023","datePublished":"2023-07-16T14:13:52+00:00","dateModified":"2024-10-31T10:30:31+00:00","mainEntityOfPage":{"@id":"https:\/\/www.zanasigroup.com\/it\/notizie\/marco-zanasi-ferrari-challenge-2023\/"},"wordCount":260,"image":{"@id":"https:\/\/www.zanasigroup.com\/it\/notizie\/marco-zanasi-ferrari-challenge-2023\/#primaryimage"},"thumbnailUrl":"https:\/\/www.zanasigroup.com\/wp-content\/uploads\/2023\/10\/Snapinsta.app_360424165_3503406466562496_8178011738249021937_n_1080-1.jpg","articleSection":["Notizie"],"inLanguage":"it-IT"},{"@type":"WebPage","@id":"https:\/\/www.zanasigroup.com\/it\/notizie\/marco-zanasi-ferrari-challenge-2023\/","url":"https:\/\/www.zanasigroup.com\/it\/notizie\/marco-zanasi-ferrari-challenge-2023\/","name":"Marco Zanasi sulla pista di Ferrari Challenge 2023","isPartOf":{"@id":"https:\/\/www.zanasigroup.com\/it\/#website"},"primaryImageOfPage":{"@id":"https:\/\/www.zanasigroup.com\/it\/notizie\/marco-zanasi-ferrari-challenge-2023\/#primaryimage"},"image":{"@id":"https:\/\/www.zanasigroup.com\/it\/notizie\/marco-zanasi-ferrari-challenge-2023\/#primaryimage"},"thumbnailUrl":"https:\/\/www.zanasigroup.com\/wp-content\/uploads\/2023\/10\/Snapinsta.app_360424165_3503406466562496_8178011738249021937_n_1080-1.jpg","datePublished":"2023-07-16T14:13:52+00:00","dateModified":"2024-10-31T10:30:31+00:00","author":{"@id":"https:\/\/www.zanasigroup.com\/it\/#\/schema\/person\/7319c31c2ffbf3d625769fc4876aeb48"},"description":"Il 16 luglio, Marco Zanasi, \u00e8 tornato in pista all\u2019Estoril, la sua seconda partecipazione al Ferrari Challenge 2023.","breadcrumb":{"@id":"https:\/\/www.zanasigroup.com\/it\/notizie\/marco-zanasi-ferrari-challenge-2023\/#breadcrumb"},"inLanguage":"it-IT","potentialAction":[{"@type":"ReadAction","target":["https:\/\/www.zanasigroup.com\/it\/notizie\/marco-zanasi-ferrari-challenge-2023\/"]}]},{"@type":"ImageObject","inLanguage":"it-IT","@id":"https:\/\/www.zanasigroup.com\/it\/notizie\/marco-zanasi-ferrari-challenge-2023\/#primaryimage","url":"https:\/\/www.zanasigroup.com\/wp-content\/uploads\/2023\/10\/Snapinsta.app_360424165_3503406466562496_8178011738249021937_n_1080-1.jpg","contentUrl":"https:\/\/www.zanasigroup.com\/wp-content\/uploads\/2023\/10\/Snapinsta.app_360424165_3503406466562496_8178011738249021937_n_1080-1.jpg","width":684,"height":458,"caption":"Marco Zanasi Ferrari Challenge 2023"},{"@type":"BreadcrumbList","@id":"https:\/\/www.zanasigroup.com\/it\/notizie\/marco-zanasi-ferrari-challenge-2023\/#breadcrumb","itemListElement":[{"@type":"ListItem","position":1,"name":"Home","item":"https:\/\/www.zanasigroup.com\/it\/"},{"@type":"ListItem","position":2,"name":"Marco Zanasi sulla pista di Ferrari Challenge 2023"}]},{"@type":"WebSite","@id":"https:\/\/www.zanasigroup.com\/it\/#website","url":"https:\/\/www.zanasigroup.com\/it\/","name":"Zanasi Group","description":"The real Ferrari repair specialist - Body repair - Custom painting - Top quality standards","potentialAction":[{"@type":"SearchAction","target":{"@type":"EntryPoint","urlTemplate":"https:\/\/www.zanasigroup.com\/it\/?s={search_term_string}"},"query-input":{"@type":"PropertyValueSpecification","valueRequired":true,"valueName":"search_term_string"}}],"inLanguage":"it-IT"},{"@type":"Person","@id":"https:\/\/www.zanasigroup.com\/it\/#\/schema\/person\/7319c31c2ffbf3d625769fc4876aeb48","name":"Marilena Viceconti","url":"https:\/\/www.zanasigroup.com\/it\/author\/marilena-vicecontisynesthesia-it\/"}]}},"_links":{"self":[{"href":"https:\/\/www.zanasigroup.com\/it\/wp-json\/wp\/v2\/posts\/17443","targetHints":{"allow":["GET"]}}],"collection":[{"href":"https:\/\/www.zanasigroup.com\/it\/wp-json\/wp\/v2\/posts"}],"about":[{"href":"https:\/\/www.zanasigroup.com\/it\/wp-json\/wp\/v2\/types\/post"}],"author":[{"embeddable":true,"href":"https:\/\/www.zanasigroup.com\/it\/wp-json\/wp\/v2\/users\/6"}],"replies":[{"embeddable":true,"href":"https:\/\/www.zanasigroup.com\/it\/wp-json\/wp\/v2\/comments?post=17443"}],"version-history":[{"count":2,"href":"https:\/\/www.zanasigroup.com\/it\/wp-json\/wp\/v2\/posts\/17443\/revisions"}],"predecessor-version":[{"id":20188,"href":"https:\/\/www.zanasigroup.com\/it\/wp-json\/wp\/v2\/posts\/17443\/revisions\/20188"}],"wp:featuredmedia":[{"embeddable":true,"href":"https:\/\/www.zanasigroup.com\/it\/wp-json\/wp\/v2\/media\/17444"}],"wp:attachment":[{"href":"https:\/\/www.zanasigroup.com\/it\/wp-json\/wp\/v2\/media?parent=17443"}],"wp:term":[{"taxonomy":"category","embeddable":true,"href":"https:\/\/www.zanasigroup.com\/it\/wp-json\/wp\/v2\/categories?post=17443"},{"taxonomy":"post_tag","embeddable":true,"href":"https:\/\/www.zanasigroup.com\/it\/wp-json\/wp\/v2\/tags?post=17443"}],"curies":[{"name":"wp","href":"https:\/\/api.w.org\/{rel}","templated":true}]}}