{"id":23615,"date":"2025-09-30T14:52:01","date_gmt":"2025-09-30T12:52:01","guid":{"rendered":"https:\/\/www.zanasigroup.com\/?p=23615"},"modified":"2025-09-30T14:52:01","modified_gmt":"2025-09-30T12:52:01","slug":"spa-francorchamps-marco-zanasi-penalizzato-dalla-sfortuna-viol-conquista-il-titolo-2025-del-trofeo-pirelli-am","status":"publish","type":"post","link":"https:\/\/www.zanasigroup.com\/it\/notizie\/spa-francorchamps-marco-zanasi-penalizzato-dalla-sfortuna-viol-conquista-il-titolo-2025-del-trofeo-pirelli-am\/","title":{"rendered":"Spa-Francorchamps: Marco Zanasi penalizzato dalla sfortuna, V\u00ecol conquista il titolo 2025 del Trofeo Pirelli AM"},"content":{"rendered":"<p><img loading=\"lazy\" decoding=\"async\" class=\"size-medium wp-image-23620 alignright\" src=\"https:\/\/www.zanasigroup.com\/wp-content\/uploads\/2025\/09\/IMG-20250922-WA0031-225x300.jpg\" alt=\"\" width=\"225\" height=\"300\" srcset=\"https:\/\/www.zanasigroup.com\/wp-content\/uploads\/2025\/09\/IMG-20250922-WA0031-225x300.jpg 225w, https:\/\/www.zanasigroup.com\/wp-content\/uploads\/2025\/09\/IMG-20250922-WA0031-768x1024.jpg 768w, https:\/\/www.zanasigroup.com\/wp-content\/uploads\/2025\/09\/IMG-20250922-WA0031-1152x1536.jpg 1152w, https:\/\/www.zanasigroup.com\/wp-content\/uploads\/2025\/09\/IMG-20250922-WA0031.jpg 1200w\" sizes=\"auto, (max-width: 225px) 100vw, 225px\" \/><\/p>\n<p><span style=\"font-weight: 400;\">I<\/span><span style=\"font-weight: 400;\">l Ferrari Challenge ha fatto tappa a <\/span><b>Spa-Francorchamps<\/b><span style=\"font-weight: 400;\"> il 20 e 21 settembre, regalando al pubblico un weekend intenso ed emozionante. Il settimo round stagionale del monomarca del Cavallino Rampante ha visto in pista circa sessanta 296 Challenge, inserite nello scenario dei <\/span><a href=\"https:\/\/www.ferrari.com\/it-IT\/corse-clienti\/articles\/ferrari-racing-days-spa-francorchamps-2025\" target=\"_blank\" rel=\"noopener\"><b>Ferrari Racing Days<\/b><\/a><span style=\"font-weight: 400;\">, che hanno animato il celebre circuito delle Ardenne. L\u2019evento ha accolto anche la presenza di <\/span><a href=\"https:\/\/it.wikipedia.org\/wiki\/Olivier_Beretta\" target=\"_blank\" rel=\"noopener\"><b>Olivier Beretta<\/b><\/a><span style=\"font-weight: 400;\">, Ferrari Ambassador Driver, e di <\/span><a href=\"https:\/\/it.wikipedia.org\/wiki\/Ye_Yifei\" target=\"_blank\" rel=\"noopener\"><b>Yifei Ye<\/b><\/a><span style=\"font-weight: 400;\">, Ferrari Factory Driver nel ruolo di Race Advisor.\u00a0<\/span><\/p>\n<p><span style=\"font-weight: 400;\">Per i protagonisti del <\/span><b>Trofeo Pirelli AM<\/b><span style=\"font-weight: 400;\">, la sfida sullo storico tracciato belga \u00e8 stata resa ancora pi\u00f9 emozionante grazie alle condizioni meteorologiche del tutto inaspettate: cielo sereno, pista asciutta e temperature insolitamente elevate per Spa &#8211; 23\u00b0C nell\u2019aria e 31\u00b0C sull\u2019asfalto &#8211; che hanno contribuito a rendere la competizione veloce, tirata e avvincente fin dalle prime fasi.\u00a0<\/span><\/p>\n<p><span style=\"font-weight: 400;\">Al circuito di Spa-Francorchamps, il <a href=\"https:\/\/www.zanasigroup.com\/it\/\" target=\"_blank\" rel=\"noopener\">Gruppo Zanasi<\/a> ha accolto clienti e partner nella sua esclusiva area Hospitality esclusiva, trasformando l\u2019evento belga in un\u2019esperienza indimenticabile tra velocit\u00e0, passione per le corse e networking d\u2019eccellenza.<\/span><\/p>\n<h2><b>Nona posizione per Marco Zanasi in Gara 1<\/b><\/h2>\n<p><span style=\"font-weight: 400;\">Nel Trofeo Pirelli AM \u00e8 arrivato un nuovo successo per <\/span><b>Hendrik V\u00ecol<\/b><span style=\"font-weight: 400;\">, sempre pi\u00f9 vicino al titolo. <\/span><b>Marco Zanasi <\/b><span style=\"font-weight: 400;\">(<\/span><b>Motor Service &#8211; Pinetti Motorsport<\/b><span style=\"font-weight: 400;\">) ha chiuso in <\/span><b>nona posizione<\/b><span style=\"font-weight: 400;\">, gestendo il ritmo della gara e mantenendo costanza e determinazione anche nelle fasi pi\u00f9 concitate. Pur senza riuscire a centrare il podio, il pilota modenese ha confermato crescita, solidit\u00e0 e competitivit\u00e0, dimostrando di saper interpretare un tracciato complesso e tecnico come quello di Spa-Francorchamps.\u00a0<\/span><\/p>\n<h2><b>Gara 2: Marco Zanasi lotta contro la sfortuna<\/b><\/h2>\n<p><span style=\"font-weight: 400;\"><img loading=\"lazy\" decoding=\"async\" class=\"size-medium wp-image-23618 alignleft\" src=\"https:\/\/www.zanasigroup.com\/wp-content\/uploads\/2025\/09\/IMG-20250922-WA0026-217x300.jpg\" alt=\"\" width=\"217\" height=\"300\" srcset=\"https:\/\/www.zanasigroup.com\/wp-content\/uploads\/2025\/09\/IMG-20250922-WA0026-217x300.jpg 217w, https:\/\/www.zanasigroup.com\/wp-content\/uploads\/2025\/09\/IMG-20250922-WA0026-741x1024.jpg 741w, https:\/\/www.zanasigroup.com\/wp-content\/uploads\/2025\/09\/IMG-20250922-WA0026-768x1061.jpg 768w, https:\/\/www.zanasigroup.com\/wp-content\/uploads\/2025\/09\/IMG-20250922-WA0026-1112x1536.jpg 1112w, https:\/\/www.zanasigroup.com\/wp-content\/uploads\/2025\/09\/IMG-20250922-WA0026.jpg 1158w\" sizes=\"auto, (max-width: 217px) 100vw, 217px\" \/>La Gara 2 del Ferrari Challenge Europe a Spa-Francorchamps si \u00e8 aperta con un incidente alla prima curva che ha provocato la sospensione immediata con bandiera rossa. Fino a quel momento, <\/span><b>Marco Zanasi<\/b><span style=\"font-weight: 400;\"> si trovava in quarta posizione. Alla ripartenza, per\u00f2, il pilota modenese \u00e8 stato penalizzato con un drive-through per un irregolare allineamento in partenza: una sanzione particolarmente pesante su un circuito come Spa, che lo ha costretto a rientrare ai box e perdere terreno prezioso. Nonostante la sfortuna, Zanasi ha portato comunque a termine la gara con determinazione.<\/span><\/p>\n<p><span style=\"font-weight: 400;\">Con il secondo posto di Gara 2 V\u00ecol diventa matematicamente irraggiungibile in vetta alla classifica e conquista il titolo 2025 del Trofeo Pirelli AM.\u00a0<\/span><\/p>\n<h2><b>Prossima tappa: le finali mondiali al Mugello!<\/b><\/h2>\n<p><span style=\"font-weight: 400;\">Il Ferrari Challenge Europe si prepara a concludere la stagione 2025 con l\u2019attesissimo appuntamento delle Finali Mondiali, che si terranno <\/span><b>dal 21 al 26 ottobre<\/b><span style=\"font-weight: 400;\"> presso l\u2019<\/span><b>Autodromo Internazionale del Mugello<\/b><span style=\"font-weight: 400;\">. Questo evento segna il ritorno della manifestazione al celebre circuito toscano, che ospiter\u00e0 per la diciassettesima volta le finali del monomarca del Cavallino Rampante. Per gli appassionati e i clienti Ferrari, le Finali Mondiali rappresentano un\u2019occasione unica per vivere da vicino l\u2019eccellenza tecnica e sportiva del marchio, con attivit\u00e0 esclusive, gare emozionanti e la possibilit\u00e0 di incontrare piloti e protagonisti del mondo Ferrari.<\/span><\/p>\n<p><span style=\"font-weight: 400;\">Il <\/span><b>Gruppo Zanasi<\/b><span style=\"font-weight: 400;\"> sar\u00e0 presente all\u2019evento, pronto a condividere con i suoi ospiti e partner l\u2019emozione di questo grande appuntamento internazionale.<\/span><\/p>\n<p><img loading=\"lazy\" decoding=\"async\" class=\"aligncenter wp-image-23616 size-full\" src=\"https:\/\/www.zanasigroup.com\/wp-content\/uploads\/2025\/09\/IMG-20250922-WA0003.jpg\" alt=\"\" width=\"1600\" height=\"1107\" srcset=\"https:\/\/www.zanasigroup.com\/wp-content\/uploads\/2025\/09\/IMG-20250922-WA0003.jpg 1600w, https:\/\/www.zanasigroup.com\/wp-content\/uploads\/2025\/09\/IMG-20250922-WA0003-300x208.jpg 300w, https:\/\/www.zanasigroup.com\/wp-content\/uploads\/2025\/09\/IMG-20250922-WA0003-1024x708.jpg 1024w, https:\/\/www.zanasigroup.com\/wp-content\/uploads\/2025\/09\/IMG-20250922-WA0003-768x531.jpg 768w, https:\/\/www.zanasigroup.com\/wp-content\/uploads\/2025\/09\/IMG-20250922-WA0003-1536x1063.jpg 1536w\" sizes=\"auto, (max-width: 1600px) 100vw, 1600px\" \/><\/p>\n","protected":false},"excerpt":{"rendered":"<p>Un weekend intenso ed emozionante.<\/p>\n","protected":false},"author":7,"featured_media":23616,"comment_status":"closed","ping_status":"closed","sticky":false,"template":"","format":"standard","meta":{"_acf_changed":false,"footnotes":""},"categories":[10],"tags":[],"class_list":["post-23615","post","type-post","status-publish","format-standard","has-post-thumbnail","hentry","category-notizie"],"acf":[],"yoast_head":"<!-- This site is optimized with the Yoast SEO plugin v27.5 - https:\/\/yoast.com\/product\/yoast-seo-wordpress\/ -->\n<title>Ferrari Challenge a Spa-Francorchamps | Carrozzeria Zanasi Maranello - Zanasi Group<\/title>\n<meta name=\"description\" content=\"Ferrari Challenge a Spa-Francorchamps: Marco Zanasi penalizzato dalla sfortuna, V\u00ecol conquista il titolo 2025 del Trofeo Pirelli AM.\" \/>\n<meta name=\"robots\" content=\"index, follow, max-snippet:-1, max-image-preview:large, max-video-preview:-1\" \/>\n<link rel=\"canonical\" href=\"https:\/\/www.zanasigroup.com\/it\/notizie\/spa-francorchamps-marco-zanasi-penalizzato-dalla-sfortuna-viol-conquista-il-titolo-2025-del-trofeo-pirelli-am\/\" \/>\n<meta property=\"og:locale\" content=\"it_IT\" \/>\n<meta property=\"og:type\" content=\"article\" \/>\n<meta property=\"og:title\" content=\"Ferrari Challenge a Spa-Francorchamps | Carrozzeria Zanasi Maranello - Zanasi Group\" \/>\n<meta property=\"og:description\" content=\"Ferrari Challenge a Spa-Francorchamps: Marco Zanasi penalizzato dalla sfortuna, V\u00ecol conquista il titolo 2025 del Trofeo Pirelli AM.\" \/>\n<meta property=\"og:url\" content=\"https:\/\/www.zanasigroup.com\/it\/notizie\/spa-francorchamps-marco-zanasi-penalizzato-dalla-sfortuna-viol-conquista-il-titolo-2025-del-trofeo-pirelli-am\/\" \/>\n<meta property=\"og:site_name\" content=\"Zanasi Group\" \/>\n<meta property=\"article:published_time\" content=\"2025-09-30T12:52:01+00:00\" \/>\n<meta property=\"og:image\" content=\"https:\/\/www.zanasigroup.com\/wp-content\/uploads\/2025\/09\/IMG-20250922-WA0003.jpg\" \/>\n\t<meta property=\"og:image:width\" content=\"1600\" \/>\n\t<meta property=\"og:image:height\" content=\"1107\" \/>\n\t<meta property=\"og:image:type\" content=\"image\/jpeg\" \/>\n<meta name=\"author\" content=\"Vittoria Giovanardi\" \/>\n<meta name=\"twitter:card\" content=\"summary_large_image\" \/>\n<meta name=\"twitter:label1\" content=\"Scritto da\" \/>\n\t<meta name=\"twitter:data1\" content=\"Vittoria Giovanardi\" \/>\n\t<meta name=\"twitter:label2\" content=\"Tempo di lettura stimato\" \/>\n\t<meta name=\"twitter:data2\" content=\"3 minuti\" \/>\n<script type=\"application\/ld+json\" class=\"yoast-schema-graph\">{\"@context\":\"https:\\\/\\\/schema.org\",\"@graph\":[{\"@type\":\"Article\",\"@id\":\"https:\\\/\\\/www.zanasigroup.com\\\/it\\\/notizie\\\/spa-francorchamps-marco-zanasi-penalizzato-dalla-sfortuna-viol-conquista-il-titolo-2025-del-trofeo-pirelli-am\\\/#article\",\"isPartOf\":{\"@id\":\"https:\\\/\\\/www.zanasigroup.com\\\/it\\\/notizie\\\/spa-francorchamps-marco-zanasi-penalizzato-dalla-sfortuna-viol-conquista-il-titolo-2025-del-trofeo-pirelli-am\\\/\"},\"author\":{\"name\":\"Vittoria Giovanardi\",\"@id\":\"https:\\\/\\\/www.zanasigroup.com\\\/it\\\/#\\\/schema\\\/person\\\/105fc08c1f96f47fd9e7f99f02bbb87e\"},\"headline\":\"Spa-Francorchamps: Marco Zanasi penalizzato dalla sfortuna, V\u00ecol conquista il titolo 2025 del Trofeo Pirelli AM\",\"datePublished\":\"2025-09-30T12:52:01+00:00\",\"mainEntityOfPage\":{\"@id\":\"https:\\\/\\\/www.zanasigroup.com\\\/it\\\/notizie\\\/spa-francorchamps-marco-zanasi-penalizzato-dalla-sfortuna-viol-conquista-il-titolo-2025-del-trofeo-pirelli-am\\\/\"},\"wordCount\":507,\"image\":{\"@id\":\"https:\\\/\\\/www.zanasigroup.com\\\/it\\\/notizie\\\/spa-francorchamps-marco-zanasi-penalizzato-dalla-sfortuna-viol-conquista-il-titolo-2025-del-trofeo-pirelli-am\\\/#primaryimage\"},\"thumbnailUrl\":\"https:\\\/\\\/www.zanasigroup.com\\\/wp-content\\\/uploads\\\/2025\\\/09\\\/IMG-20250922-WA0003.jpg\",\"articleSection\":[\"Notizie\"],\"inLanguage\":\"it-IT\"},{\"@type\":\"WebPage\",\"@id\":\"https:\\\/\\\/www.zanasigroup.com\\\/it\\\/notizie\\\/spa-francorchamps-marco-zanasi-penalizzato-dalla-sfortuna-viol-conquista-il-titolo-2025-del-trofeo-pirelli-am\\\/\",\"url\":\"https:\\\/\\\/www.zanasigroup.com\\\/it\\\/notizie\\\/spa-francorchamps-marco-zanasi-penalizzato-dalla-sfortuna-viol-conquista-il-titolo-2025-del-trofeo-pirelli-am\\\/\",\"name\":\"Ferrari Challenge a Spa-Francorchamps | Carrozzeria Zanasi Maranello - Zanasi Group\",\"isPartOf\":{\"@id\":\"https:\\\/\\\/www.zanasigroup.com\\\/it\\\/#website\"},\"primaryImageOfPage\":{\"@id\":\"https:\\\/\\\/www.zanasigroup.com\\\/it\\\/notizie\\\/spa-francorchamps-marco-zanasi-penalizzato-dalla-sfortuna-viol-conquista-il-titolo-2025-del-trofeo-pirelli-am\\\/#primaryimage\"},\"image\":{\"@id\":\"https:\\\/\\\/www.zanasigroup.com\\\/it\\\/notizie\\\/spa-francorchamps-marco-zanasi-penalizzato-dalla-sfortuna-viol-conquista-il-titolo-2025-del-trofeo-pirelli-am\\\/#primaryimage\"},\"thumbnailUrl\":\"https:\\\/\\\/www.zanasigroup.com\\\/wp-content\\\/uploads\\\/2025\\\/09\\\/IMG-20250922-WA0003.jpg\",\"datePublished\":\"2025-09-30T12:52:01+00:00\",\"author\":{\"@id\":\"https:\\\/\\\/www.zanasigroup.com\\\/it\\\/#\\\/schema\\\/person\\\/105fc08c1f96f47fd9e7f99f02bbb87e\"},\"description\":\"Ferrari Challenge a Spa-Francorchamps: Marco Zanasi penalizzato dalla sfortuna, V\u00ecol conquista il titolo 2025 del Trofeo Pirelli AM.\",\"breadcrumb\":{\"@id\":\"https:\\\/\\\/www.zanasigroup.com\\\/it\\\/notizie\\\/spa-francorchamps-marco-zanasi-penalizzato-dalla-sfortuna-viol-conquista-il-titolo-2025-del-trofeo-pirelli-am\\\/#breadcrumb\"},\"inLanguage\":\"it-IT\",\"potentialAction\":[{\"@type\":\"ReadAction\",\"target\":[\"https:\\\/\\\/www.zanasigroup.com\\\/it\\\/notizie\\\/spa-francorchamps-marco-zanasi-penalizzato-dalla-sfortuna-viol-conquista-il-titolo-2025-del-trofeo-pirelli-am\\\/\"]}]},{\"@type\":\"ImageObject\",\"inLanguage\":\"it-IT\",\"@id\":\"https:\\\/\\\/www.zanasigroup.com\\\/it\\\/notizie\\\/spa-francorchamps-marco-zanasi-penalizzato-dalla-sfortuna-viol-conquista-il-titolo-2025-del-trofeo-pirelli-am\\\/#primaryimage\",\"url\":\"https:\\\/\\\/www.zanasigroup.com\\\/wp-content\\\/uploads\\\/2025\\\/09\\\/IMG-20250922-WA0003.jpg\",\"contentUrl\":\"https:\\\/\\\/www.zanasigroup.com\\\/wp-content\\\/uploads\\\/2025\\\/09\\\/IMG-20250922-WA0003.jpg\",\"width\":1600,\"height\":1107},{\"@type\":\"BreadcrumbList\",\"@id\":\"https:\\\/\\\/www.zanasigroup.com\\\/it\\\/notizie\\\/spa-francorchamps-marco-zanasi-penalizzato-dalla-sfortuna-viol-conquista-il-titolo-2025-del-trofeo-pirelli-am\\\/#breadcrumb\",\"itemListElement\":[{\"@type\":\"ListItem\",\"position\":1,\"name\":\"Home\",\"item\":\"https:\\\/\\\/www.zanasigroup.com\\\/it\\\/\"},{\"@type\":\"ListItem\",\"position\":2,\"name\":\"Spa-Francorchamps: Marco Zanasi penalizzato dalla sfortuna, V\u00ecol conquista il titolo 2025 del Trofeo Pirelli AM\"}]},{\"@type\":\"WebSite\",\"@id\":\"https:\\\/\\\/www.zanasigroup.com\\\/it\\\/#website\",\"url\":\"https:\\\/\\\/www.zanasigroup.com\\\/it\\\/\",\"name\":\"Zanasi Group\",\"description\":\"The real Ferrari repair specialist - Body repair - Custom painting - Top quality standards\",\"potentialAction\":[{\"@type\":\"SearchAction\",\"target\":{\"@type\":\"EntryPoint\",\"urlTemplate\":\"https:\\\/\\\/www.zanasigroup.com\\\/it\\\/?s={search_term_string}\"},\"query-input\":{\"@type\":\"PropertyValueSpecification\",\"valueRequired\":true,\"valueName\":\"search_term_string\"}}],\"inLanguage\":\"it-IT\"},{\"@type\":\"Person\",\"@id\":\"https:\\\/\\\/www.zanasigroup.com\\\/it\\\/#\\\/schema\\\/person\\\/105fc08c1f96f47fd9e7f99f02bbb87e\",\"name\":\"Vittoria Giovanardi\",\"url\":\"https:\\\/\\\/www.zanasigroup.com\\\/it\\\/author\\\/vittoria-giovanardisynesthesia-it\\\/\"}]}<\/script>\n<!-- \/ Yoast SEO plugin. -->","yoast_head_json":{"title":"Ferrari Challenge a Spa-Francorchamps | Carrozzeria Zanasi Maranello - Zanasi Group","description":"Ferrari Challenge a Spa-Francorchamps: Marco Zanasi penalizzato dalla sfortuna, V\u00ecol conquista il titolo 2025 del Trofeo Pirelli AM.","robots":{"index":"index","follow":"follow","max-snippet":"max-snippet:-1","max-image-preview":"max-image-preview:large","max-video-preview":"max-video-preview:-1"},"canonical":"https:\/\/www.zanasigroup.com\/it\/notizie\/spa-francorchamps-marco-zanasi-penalizzato-dalla-sfortuna-viol-conquista-il-titolo-2025-del-trofeo-pirelli-am\/","og_locale":"it_IT","og_type":"article","og_title":"Ferrari Challenge a Spa-Francorchamps | Carrozzeria Zanasi Maranello - Zanasi Group","og_description":"Ferrari Challenge a Spa-Francorchamps: Marco Zanasi penalizzato dalla sfortuna, V\u00ecol conquista il titolo 2025 del Trofeo Pirelli AM.","og_url":"https:\/\/www.zanasigroup.com\/it\/notizie\/spa-francorchamps-marco-zanasi-penalizzato-dalla-sfortuna-viol-conquista-il-titolo-2025-del-trofeo-pirelli-am\/","og_site_name":"Zanasi Group","article_published_time":"2025-09-30T12:52:01+00:00","og_image":[{"width":1600,"height":1107,"url":"https:\/\/www.zanasigroup.com\/wp-content\/uploads\/2025\/09\/IMG-20250922-WA0003.jpg","type":"image\/jpeg"}],"author":"Vittoria Giovanardi","twitter_card":"summary_large_image","twitter_misc":{"Scritto da":"Vittoria Giovanardi","Tempo di lettura stimato":"3 minuti"},"schema":{"@context":"https:\/\/schema.org","@graph":[{"@type":"Article","@id":"https:\/\/www.zanasigroup.com\/it\/notizie\/spa-francorchamps-marco-zanasi-penalizzato-dalla-sfortuna-viol-conquista-il-titolo-2025-del-trofeo-pirelli-am\/#article","isPartOf":{"@id":"https:\/\/www.zanasigroup.com\/it\/notizie\/spa-francorchamps-marco-zanasi-penalizzato-dalla-sfortuna-viol-conquista-il-titolo-2025-del-trofeo-pirelli-am\/"},"author":{"name":"Vittoria Giovanardi","@id":"https:\/\/www.zanasigroup.com\/it\/#\/schema\/person\/105fc08c1f96f47fd9e7f99f02bbb87e"},"headline":"Spa-Francorchamps: Marco Zanasi penalizzato dalla sfortuna, V\u00ecol conquista il titolo 2025 del Trofeo Pirelli AM","datePublished":"2025-09-30T12:52:01+00:00","mainEntityOfPage":{"@id":"https:\/\/www.zanasigroup.com\/it\/notizie\/spa-francorchamps-marco-zanasi-penalizzato-dalla-sfortuna-viol-conquista-il-titolo-2025-del-trofeo-pirelli-am\/"},"wordCount":507,"image":{"@id":"https:\/\/www.zanasigroup.com\/it\/notizie\/spa-francorchamps-marco-zanasi-penalizzato-dalla-sfortuna-viol-conquista-il-titolo-2025-del-trofeo-pirelli-am\/#primaryimage"},"thumbnailUrl":"https:\/\/www.zanasigroup.com\/wp-content\/uploads\/2025\/09\/IMG-20250922-WA0003.jpg","articleSection":["Notizie"],"inLanguage":"it-IT"},{"@type":"WebPage","@id":"https:\/\/www.zanasigroup.com\/it\/notizie\/spa-francorchamps-marco-zanasi-penalizzato-dalla-sfortuna-viol-conquista-il-titolo-2025-del-trofeo-pirelli-am\/","url":"https:\/\/www.zanasigroup.com\/it\/notizie\/spa-francorchamps-marco-zanasi-penalizzato-dalla-sfortuna-viol-conquista-il-titolo-2025-del-trofeo-pirelli-am\/","name":"Ferrari Challenge a Spa-Francorchamps | Carrozzeria Zanasi Maranello - Zanasi Group","isPartOf":{"@id":"https:\/\/www.zanasigroup.com\/it\/#website"},"primaryImageOfPage":{"@id":"https:\/\/www.zanasigroup.com\/it\/notizie\/spa-francorchamps-marco-zanasi-penalizzato-dalla-sfortuna-viol-conquista-il-titolo-2025-del-trofeo-pirelli-am\/#primaryimage"},"image":{"@id":"https:\/\/www.zanasigroup.com\/it\/notizie\/spa-francorchamps-marco-zanasi-penalizzato-dalla-sfortuna-viol-conquista-il-titolo-2025-del-trofeo-pirelli-am\/#primaryimage"},"thumbnailUrl":"https:\/\/www.zanasigroup.com\/wp-content\/uploads\/2025\/09\/IMG-20250922-WA0003.jpg","datePublished":"2025-09-30T12:52:01+00:00","author":{"@id":"https:\/\/www.zanasigroup.com\/it\/#\/schema\/person\/105fc08c1f96f47fd9e7f99f02bbb87e"},"description":"Ferrari Challenge a Spa-Francorchamps: Marco Zanasi penalizzato dalla sfortuna, V\u00ecol conquista il titolo 2025 del Trofeo Pirelli AM.","breadcrumb":{"@id":"https:\/\/www.zanasigroup.com\/it\/notizie\/spa-francorchamps-marco-zanasi-penalizzato-dalla-sfortuna-viol-conquista-il-titolo-2025-del-trofeo-pirelli-am\/#breadcrumb"},"inLanguage":"it-IT","potentialAction":[{"@type":"ReadAction","target":["https:\/\/www.zanasigroup.com\/it\/notizie\/spa-francorchamps-marco-zanasi-penalizzato-dalla-sfortuna-viol-conquista-il-titolo-2025-del-trofeo-pirelli-am\/"]}]},{"@type":"ImageObject","inLanguage":"it-IT","@id":"https:\/\/www.zanasigroup.com\/it\/notizie\/spa-francorchamps-marco-zanasi-penalizzato-dalla-sfortuna-viol-conquista-il-titolo-2025-del-trofeo-pirelli-am\/#primaryimage","url":"https:\/\/www.zanasigroup.com\/wp-content\/uploads\/2025\/09\/IMG-20250922-WA0003.jpg","contentUrl":"https:\/\/www.zanasigroup.com\/wp-content\/uploads\/2025\/09\/IMG-20250922-WA0003.jpg","width":1600,"height":1107},{"@type":"BreadcrumbList","@id":"https:\/\/www.zanasigroup.com\/it\/notizie\/spa-francorchamps-marco-zanasi-penalizzato-dalla-sfortuna-viol-conquista-il-titolo-2025-del-trofeo-pirelli-am\/#breadcrumb","itemListElement":[{"@type":"ListItem","position":1,"name":"Home","item":"https:\/\/www.zanasigroup.com\/it\/"},{"@type":"ListItem","position":2,"name":"Spa-Francorchamps: Marco Zanasi penalizzato dalla sfortuna, V\u00ecol conquista il titolo 2025 del Trofeo Pirelli AM"}]},{"@type":"WebSite","@id":"https:\/\/www.zanasigroup.com\/it\/#website","url":"https:\/\/www.zanasigroup.com\/it\/","name":"Zanasi Group","description":"The real Ferrari repair specialist - Body repair - Custom painting - Top quality standards","potentialAction":[{"@type":"SearchAction","target":{"@type":"EntryPoint","urlTemplate":"https:\/\/www.zanasigroup.com\/it\/?s={search_term_string}"},"query-input":{"@type":"PropertyValueSpecification","valueRequired":true,"valueName":"search_term_string"}}],"inLanguage":"it-IT"},{"@type":"Person","@id":"https:\/\/www.zanasigroup.com\/it\/#\/schema\/person\/105fc08c1f96f47fd9e7f99f02bbb87e","name":"Vittoria Giovanardi","url":"https:\/\/www.zanasigroup.com\/it\/author\/vittoria-giovanardisynesthesia-it\/"}]}},"_links":{"self":[{"href":"https:\/\/www.zanasigroup.com\/it\/wp-json\/wp\/v2\/posts\/23615","targetHints":{"allow":["GET"]}}],"collection":[{"href":"https:\/\/www.zanasigroup.com\/it\/wp-json\/wp\/v2\/posts"}],"about":[{"href":"https:\/\/www.zanasigroup.com\/it\/wp-json\/wp\/v2\/types\/post"}],"author":[{"embeddable":true,"href":"https:\/\/www.zanasigroup.com\/it\/wp-json\/wp\/v2\/users\/7"}],"replies":[{"embeddable":true,"href":"https:\/\/www.zanasigroup.com\/it\/wp-json\/wp\/v2\/comments?post=23615"}],"version-history":[{"count":1,"href":"https:\/\/www.zanasigroup.com\/it\/wp-json\/wp\/v2\/posts\/23615\/revisions"}],"predecessor-version":[{"id":23622,"href":"https:\/\/www.zanasigroup.com\/it\/wp-json\/wp\/v2\/posts\/23615\/revisions\/23622"}],"wp:featuredmedia":[{"embeddable":true,"href":"https:\/\/www.zanasigroup.com\/it\/wp-json\/wp\/v2\/media\/23616"}],"wp:attachment":[{"href":"https:\/\/www.zanasigroup.com\/it\/wp-json\/wp\/v2\/media?parent=23615"}],"wp:term":[{"taxonomy":"category","embeddable":true,"href":"https:\/\/www.zanasigroup.com\/it\/wp-json\/wp\/v2\/categories?post=23615"},{"taxonomy":"post_tag","embeddable":true,"href":"https:\/\/www.zanasigroup.com\/it\/wp-json\/wp\/v2\/tags?post=23615"}],"curies":[{"name":"wp","href":"https:\/\/api.w.org\/{rel}","templated":true}]}}